{"id":77375,"date":"2026-04-30T11:02:08","date_gmt":"2026-04-30T11:02:08","guid":{"rendered":"https:\/\/labs.tinkle.es\/reporting\/repsol\/?p=77375"},"modified":"2026-01-30T12:14:24","modified_gmt":"2026-01-30T12:14:24","slug":"parque-dona-lindu-recife-arquitetura-acessivel-2","status":"publish","type":"post","link":"https:\/\/labs.tinkle.es\/reporting\/repsol\/2026\/04\/30\/parque-dona-lindu-recife-arquitetura-acessivel-2\/","title":{"rendered":"Parque Dona Lindu Recife Arquitetura Acess\u00edvel"},"content":{"rendered":"<div id=\"toc\" style=\"background: #f9f9f9;border: 1px solid #aaa;margin-bottom: 1em;padding: 1em;width: 350px\">\n<p class=\"toctitle\" style=\"font-weight: 700;text-align: center\">Content<\/p>\n<ul class=\"toc_list\">\n<li><a href=\"#toc-0\">Exposi\u00e7\u00e3o \u201cRock Pernambucano em 50 capas\u201d, de Danilo L\u00facio<\/a><\/li>\n<li><a href=\"#toc-1\">Fa\u00e7a login para enviar fotos<\/a><\/li>\n<li><a href=\"#toc-3\">\u00d4nibus paradas perto de N\u00e3o Utilizar parada em Bairro Do Recife<\/a><\/li>\n<li><a href=\"#toc-5\">Parque Dona Lindu &#8211; Recife &#8211; PE<\/a><\/li>\n<\/ul>\n<\/div>\n<p>O mestre Niemeyer pensou o projeto de um parque cultural, dotando-o de uma esplanada de m\u00faltiplos usos; de um teatro que se abre para essa esplanada e convida a milhares para consumir arte. Os edif\u00edcios e a marquise \u201cabra\u00e7am\u201d a esplanada, fazendo tamb\u00e9m o agenciamento do bloco administrativo do parque, que traz, diferentemente dos outros tr\u00eas elementos, um gabarito mais baixo e algumas arestas, numa volumetria mais retil\u00ednea\u2026 O largo espa\u00e7o da esplanada se abre generosamente para o mar, ao mesmo tempo em que protege o p\u00fablico e o acolhe. Em 2004, os moradores de Boa Viagem entregaram ao ent\u00e3o Presidente Lula um abaixo-assinado que pedia a cess\u00e3o dos terrenos da Aeron\u00e1utica no bairro para uso p\u00fablico e, ainda no mesmo ano, o ent\u00e3o prefeito do Recife, Jo\u00e3o Paulo, reuniu-se pela primeira vez com autoridades da Aeron\u00e1utica para tratar sobre a constru\u00e7\u00e3o de um parque no local. Os parques da Jaqueira, Santana e Apipucos, na zona norte, e o Dona Lindu, na zona sul, ser\u00e3o geridos por um cons\u00f3rcio de empresas pernambucanas dos ramos de turismo e eventos, com expectativa \u2013 por parte da prefeitura \u2013 de investimentos elevados. A prefeitura chegou a fazer uma consulta p\u00fablica sobre a concess\u00e3o dos parques.<\/p>\n<h2 id=\"toc-0\">Exposi\u00e7\u00e3o \u201cRock Pernambucano em 50 capas\u201d, de Danilo L\u00facio<\/h2>\n<p>Isso significa que o teatro \u00e9 acess\u00edvel para pessoas com necessidades especiais e garante que todos possam desfrutar das apresenta\u00e7\u00f5es. O teatro \u00e9 usado para uma <a href=\"https:\/\/www.parquedonalindu.com\/\">parque dona lindu<\/a> variedade de eventos, desde apresenta\u00e7\u00f5es musicais e teatrais at\u00e9 palestras e confer\u00eancias. O servi\u00e7o do transporte p\u00fablico de Pernambuco \u00e9 de baixa qualidade h\u00e1 anos. Estive em Salvador na semana passada e vi postos cobrando R$ 6,13 e at\u00e9 R$ 6,11. Por isso que quando chove a cidade alaga.<\/p>\n<ul>\n<li>As \u00e1reas ao redor s\u00e3o bem cuidadas, preservando a fauna e a flora local, e proporcionando um local perfeito para quem busca relaxamento e lazer ao ar livre.<\/li>\n<li>Local tem 845m\u00b2 e conta com lixeiras, bebedouros, sacos pl\u00e1sticos, palco e equipamentos de agility.<\/li>\n<li>A programa\u00e7\u00e3o de s\u00e1bado (28) come\u00e7a \u00e0s 15h, com o Trio P\u00e9 de Serra em cortejo pelo parque at\u00e9 \u00e0s 17h.<\/li>\n<li>E l\u00e1, bem em frente ao parque, est\u00e1 Dona Lindu e seus filhos ainda crian\u00e7as, em uma escultura feita pelo artista pernambucano Abelardo da Hora, intitulada Monumento aos Retirantes.<\/li>\n<li>A exposi\u00e7\u00e3o \u201cToda vez que dou um passo o Mundo sai do Lugar\u201d, realizada pelo Banco do Nordeste (BNB) em parceria com a Viva do Brasil, come\u00e7a no dia 4 de fevereiro e vai at\u00e9 o dia 27 de abril.<\/li>\n<li>A manuten\u00e7\u00e3o ser\u00e1 feita em parceria com a empresa Pet Dream, que adotar\u00e1 o espa\u00e7o.<\/li>\n<\/ul>\n<h3 id=\"toc-1\">Fa\u00e7a login para enviar fotos<\/h3>\n<p>Os locais de testagem mantidos pela prefeitura do Recife (confira lista mais abaixo) funcionam com marca\u00e7\u00e3o pela internet para todas as pessoas com menos de 60 anos. Dos pontos de vacina\u00e7\u00e3o, existem os exclusivos para crian\u00e7as entre 5 e 11 anos e pontos que atendem somente o p\u00fablico acima dos 12 anos. O atendimento acontece sem necessidade de marca\u00e7\u00e3o e, para receber a dose, os moradores precisam ter um documento de identifica\u00e7\u00e3o com foto e um comprovante de resid\u00eancia. A programa\u00e7\u00e3o da vacina\u00e7\u00e3o itinerante na capital pernambucana nesta semana segue at\u00e9 domingo (1\u00ba). O atendimento acontece de domingo a domingo, das 7h30 \u00e0s 18h30, em centros de vacina\u00e7\u00e3o e drive-thru, e das 8h \u00e0s 16h em unidades de sa\u00fade localizadas nos bairros do Recife.<\/p>\n<p>O ciclo natalino s\u00f3 encerra no dia 6 de janeiro, com a cerim\u00f4nia da Queima da Lapinha, que consagra ao fogo votos e ausp\u00edcios de brincantes e p\u00fablicos da cidade, abrindo alas para os preparativos e festejos de Momo. Repert\u00f3rioBrincante da cultura brasileira, N\u00f3brega apresenta no espet\u00e1culo repert\u00f3rio que passa por suas obras e parcerias, entre elas, composi\u00e7\u00f5es criadas junto a Wilson Freire e Br\u00e1ulio Tavares.Cl\u00e1ssicos de autoria de Capiba (&quot;Serenata Suburbana&quot;) \u00a0e de Villa-Lobos (&quot;Trenzinho Caipira&quot;), em vers\u00e3o cantada e cirandeira, tamb\u00e9m integram a programa\u00e7\u00e3o no palco. Ser\u00e1 no Parque Dona Lindu, em Boa Viagem, Zona Sul da cidade, que oficialmente estar\u00e1 aberta a programa\u00e7\u00e3o do Ciclo Natalino\u00a0do Recife, no pr\u00f3ximo domingo (1\u00ba).No palco, o multiartista pernambucano Antonio N\u00f3brega, 72,\u00a0 ao lado da Orquestra Sinf\u00f4nica do Recife (OSR), que ter\u00e1 a reg\u00eancia do maestro Lanfranco Marceletti Jr., comandam a noite\u00a0em concerto marcado para as 18h. Na \u00e1rea cultural do parque os visitantes podem apreciar as exposi\u00e7\u00f5es de arte na galeria Janete Costa ou assistir a v\u00e1rios shows no teatro Luiz Mendon\u00e7a, que tem capacidade para 587 pessoas e \u00e9 totalmente adaptado para pessoas com necessidades especiais. Feito a partir de um projeto arquitet\u00f4nico idealizado por Oscar Niemeyer, o parque apresentava constru\u00e7\u00f5es de concreto gigantescas, que contrastavam com o desejo dos vizinhos por\u00a0um espa\u00e7o de lazer verde e sem constru\u00e7\u00f5es.<\/p>\n<h2 id=\"toc-2\">O Parque Dona Lindu<\/h2>\n<p>\u00c9 uma diferen\u00e7a proposital para rebater a forma da marquise no piso, dando continuidade e ligando ao teatro (que estava fechado) e o pavilh\u00e3o de exposi\u00e7\u00e3o. Como toda obra de Niemeyer, n\u00e3o poderia faltar uma marquise. Qualquer \u00e1rea verde \u00e9 um ganho imenso para a popula\u00e7\u00e3o, que apesar de ter a praia como principal atra\u00e7\u00e3o, \u00e9 carente de \u00e1reas verdes com todos esses equipamentos que o Parque Dona Lindu disp\u00f5e. O projeto do Parque \u00e9 de Oscar Niemeyer, inclui 60,65% de \u00e1rea verde, equivalente a 20 mil metros quadrados.<\/p>\n<h3 id=\"toc-3\">\u00d4nibus paradas perto de N\u00e3o Utilizar parada em Bairro Do Recife<\/h3>\n<p>O parque est\u00e1 situado ao longo da Avenida Boa Viagem, uma das principais vias da cidade, o que facilita o transporte por meio de carro, transporte p\u00fablico ou aplicativos de transporte. A alta umidade do ar contribui para a vegeta\u00e7\u00e3o densa e vibrante do parque, criando um ambiente fresco, especialmente nas \u00e1reas sombreadas e nas trilhas. O parque abriga eventos como apresenta\u00e7\u00f5es musicais, exposi\u00e7\u00f5es de arte, pe\u00e7as de teatro e festivais.<\/p>\n<h3 id=\"toc-4\">As 14 obras de Niemeyer no Nordeste<\/h3>\n<p>A cantora, cordelista e contadora de hist\u00f3rias Mari Bigio (PE) \u00e9 outro nome que se apresentar\u00e1 no espa\u00e7o com o seu Bloco do Nen\u00e9m e Orquestra Frevo, e promete fazer um mini cortejo com os pequenos foli\u00f5es. A apresenta\u00e7\u00e3o brinca com as linguagens de circo, m\u00fasica e teatro, trazendo obras de compositores como Mozart e Villa-Lobos, que ficam a cargo de um quarteto de cordas cheio de personalidade. Ent\u00e3o aproveite tamb\u00e9m para ver op\u00e7\u00f5es de\u00a0casas \u00e0 venda\u00a0e\u00a0apartamentos \u00e0 venda em Recife\u00a0e encontre seu lar ideal na cidade. O parque ainda tem campos de futebol, quadra esportiva, quadra de t\u00eanis, pista de cooper, parque infantil e \u00e1reas de lazer e descanso.<\/p>\n<p>No contrato, h\u00e1, por exemplo, a previs\u00e3o de cobran\u00e7a por estacionamento, que hoje \u00e9 gratuito. I) Implanta\u00e7\u00e3o de extens\u00e3o tempor\u00e1ria de passeio p\u00fablico (parklets) e outrosmobili\u00e1rios urbanos similares, observado o item 4.3.6 do ANEXO B \u2013CADERNO DE ENCARGOS DA CONCESSION\u00c1RIA e o art. 5\u00ba do DecretoMunicipal n\u00ba 28.886, de 17 de junho de 2015; e Apesar do contrato permitir, a Viva Parques afirmou \u00e0 MZ que n\u00e3o vai fazer essas cobran\u00e7as. Em 2015, a Prefeitura do Recife tentou fazer a cobran\u00e7a de grupos esportivos, baseada na lei de ocupa\u00e7\u00e3o do solo. Ex-diretor na Amarc, Daniel Silvany se define como \u201cespecialista em marketing, comunica\u00e7\u00e3o e branding\u201d. \u201cO Instituto Brasileiro de Teatro \u00e9 o nosso grande parceiro cultural desse projeto e\u00a0 vai estar de uma forma muito presente em tudo que a gente fizer\u201d, disse, no dia do leil\u00e3o.<\/p>\n<p>Apresentar-me com essa orquestra no ambiente p\u00fablico \u00e9 algo muito especial\u201d, ressaltou N\u00f3brega. Al\u00e9m de moderno, o\u00a0teatro \u00e9 revers\u00edvel e pode se transformar num palco gigantesco aberto para o lado externo do parque, possibilitando shows maiores. Mas hoje, cinco anos depois de ser oficialmente aberto, o parque caiu no gosto dos pernambucanos e, ironicamente, de muitos dos que inicialmente n\u00e3o aprovaram o projeto.<\/p>\n","protected":false},"excerpt":{"rendered":"<p>Content Exposi\u00e7\u00e3o \u201cRock Pernambucano em 50 capas\u201d, de Danilo L\u00facio Fa\u00e7a login para enviar fotos \u00d4nibus paradas perto de N\u00e3o Utilizar parada em Bairro Do Recife Parque Dona Lindu &#8211; Recife &#8211; PE O mestre Niemeyer pensou o projeto de um parque cultural, dotando-o de uma esplanada de m\u00faltiplos usos; de um teatro que se [&hellip;]<\/p>\n","protected":false},"author":3,"featured_media":0,"comment_status":"open","ping_status":"open","sticky":false,"template":"","format":"standard","meta":[],"categories":[2564],"tags":[],"acf":[],"_links":{"self":[{"href":"https:\/\/labs.tinkle.es\/reporting\/repsol\/wp-json\/wp\/v2\/posts\/77375"}],"collection":[{"href":"https:\/\/labs.tinkle.es\/reporting\/repsol\/wp-json\/wp\/v2\/posts"}],"about":[{"href":"https:\/\/labs.tinkle.es\/reporting\/repsol\/wp-json\/wp\/v2\/types\/post"}],"author":[{"embeddable":true,"href":"https:\/\/labs.tinkle.es\/reporting\/repsol\/wp-json\/wp\/v2\/users\/3"}],"replies":[{"embeddable":true,"href":"https:\/\/labs.tinkle.es\/reporting\/repsol\/wp-json\/wp\/v2\/comments?post=77375"}],"version-history":[{"count":1,"href":"https:\/\/labs.tinkle.es\/reporting\/repsol\/wp-json\/wp\/v2\/posts\/77375\/revisions"}],"predecessor-version":[{"id":77376,"href":"https:\/\/labs.tinkle.es\/reporting\/repsol\/wp-json\/wp\/v2\/posts\/77375\/revisions\/77376"}],"wp:attachment":[{"href":"https:\/\/labs.tinkle.es\/reporting\/repsol\/wp-json\/wp\/v2\/media?parent=77375"}],"wp:term":[{"taxonomy":"category","embeddable":true,"href":"https:\/\/labs.tinkle.es\/reporting\/repsol\/wp-json\/wp\/v2\/categories?post=77375"},{"taxonomy":"post_tag","embeddable":true,"href":"https:\/\/labs.tinkle.es\/reporting\/repsol\/wp-json\/wp\/v2\/tags?post=77375"}],"curies":[{"name":"wp","href":"https:\/\/api.w.org\/{rel}","templated":true}]}}