{"id":74650,"date":"2026-04-30T11:57:47","date_gmt":"2026-04-30T11:57:47","guid":{"rendered":"https:\/\/labs.tinkle.es\/reporting\/repsol\/?p=74650"},"modified":"2026-01-15T17:35:30","modified_gmt":"2026-01-15T17:35:30","slug":"odcinkowy-pomiar-prdkoci-na-s6-coraz-bliej-47","status":"publish","type":"post","link":"https:\/\/labs.tinkle.es\/reporting\/repsol\/2026\/04\/30\/odcinkowy-pomiar-prdkoci-na-s6-coraz-bliej-47\/","title":{"rendered":"Odcinkowy pomiar pr\u0119dko\u015bci na S6 coraz bli\u017cej"},"content":{"rendered":"<div id=\"toc\" style=\"background: #f9f9f9;border: 1px solid #aaa;margin-bottom: 1em;padding: 1em;width: 350px\">\n<p class=\"toctitle\" style=\"font-weight: 700;text-align: center\">Content<\/p>\n<ul class=\"toc_list\">\n<li><a href=\"#toc-0\">Odcinkowy pomiar pr\u0119dko\u015bci na S6 coraz bli\u017cej<\/a><\/li>\n<\/ul>\n<\/div>\n<p>Odcinkowy pomiar pr\u0119dko\u015bci zostanie uruchomiony m.in. Wed\u0142ug zapowiedzi G\u0142\u00f3wnego Inspektoratu Transportu Drogowego, uruchomienie systemu na tym odcinku planowane jest do czerwca. Na drodze ekspresowej S6 pomi\u0119dzy w\u0119z\u0142ami Ko\u0142obrzeg Wsch\u00f3d i Ko\u0142obrzeg Zach\u00f3d zamontowano ju\u017c bramownice, na kt\u00f3rych wkr\u00f3tce pojawi\u0105 si\u0119 urz\u0105dzenia do odcinkowego pomiaru pr\u0119dko\u015bci.<\/p>\n<ul>\n<li>Wed\u0142ug zapowiedzi G\u0142\u00f3wnego Inspektoratu Transportu Drogowego, uruchomienie systemu na tym odcinku planowane jest do czerwca.<\/li>\n<li>Na drodze ekspresowej S6 pomi\u0119dzy w\u0119z\u0142ami Ko\u0142obrzeg Wsch\u00f3d i Ko\u0142obrzeg Zach\u00f3d zamontowano ju\u017c bramownice, na kt\u00f3rych wkr\u00f3tce pojawi\u0105 si\u0119 urz\u0105dzenia do odcinkowego pomiaru pr\u0119dko\u015bci.<\/li>\n<li>To kolejny etap rozbudowy systemu kontroli pr\u0119dko\u015bci na drogach w regionie.<\/li>\n<li>Celem rozbudowy systemu jest poprawa bezpiecze\u0144stwa ruchu drogowego oraz ograniczenie liczby wypadk\u00f3w spowodowanych nadmiern\u0105 pr\u0119dko\u015bci\u0105.<\/li>\n<\/ul>\n<h2 id=\"toc-0\">Odcinkowy pomiar pr\u0119dko\u015bci na S6 coraz bli\u017cej<\/h2>\n<p>Celem rozbudowy systemu jest poprawa bezpiecze\u0144stwa ruchu drogowego oraz ograniczenie liczby wypadk\u00f3w spowodowanych nadmiern\u0105 pr\u0119dko\u015bci\u0105. To kolejny etap rozbudowy systemu kontroli pr\u0119dko\u015bci na drogach w regionie. Oznacza to dalsze zag\u0119szczanie sieci kontroli pr\u0119dko\u015bci na kluczowych trasach komunikacyjnych, w tym na ci\u0105gu <a href=\"https:\/\/lubiatowo-s6.pl\/\">droga s6<\/a> \u0142\u0105cz\u0105cym Szczecin z Koszalinem.<\/p>\n","protected":false},"excerpt":{"rendered":"<p>Content Odcinkowy pomiar pr\u0119dko\u015bci na S6 coraz bli\u017cej Odcinkowy pomiar pr\u0119dko\u015bci zostanie uruchomiony m.in. Wed\u0142ug zapowiedzi G\u0142\u00f3wnego Inspektoratu Transportu Drogowego, uruchomienie systemu na tym odcinku planowane jest do czerwca. Na drodze ekspresowej S6 pomi\u0119dzy w\u0119z\u0142ami Ko\u0142obrzeg Wsch\u00f3d i Ko\u0142obrzeg Zach\u00f3d zamontowano ju\u017c bramownice, na kt\u00f3rych wkr\u00f3tce pojawi\u0105 si\u0119 urz\u0105dzenia do odcinkowego pomiaru pr\u0119dko\u015bci. Wed\u0142ug zapowiedzi [&hellip;]<\/p>\n","protected":false},"author":3,"featured_media":0,"comment_status":"open","ping_status":"open","sticky":false,"template":"","format":"standard","meta":[],"categories":[2526],"tags":[],"acf":[],"_links":{"self":[{"href":"https:\/\/labs.tinkle.es\/reporting\/repsol\/wp-json\/wp\/v2\/posts\/74650"}],"collection":[{"href":"https:\/\/labs.tinkle.es\/reporting\/repsol\/wp-json\/wp\/v2\/posts"}],"about":[{"href":"https:\/\/labs.tinkle.es\/reporting\/repsol\/wp-json\/wp\/v2\/types\/post"}],"author":[{"embeddable":true,"href":"https:\/\/labs.tinkle.es\/reporting\/repsol\/wp-json\/wp\/v2\/users\/3"}],"replies":[{"embeddable":true,"href":"https:\/\/labs.tinkle.es\/reporting\/repsol\/wp-json\/wp\/v2\/comments?post=74650"}],"version-history":[{"count":1,"href":"https:\/\/labs.tinkle.es\/reporting\/repsol\/wp-json\/wp\/v2\/posts\/74650\/revisions"}],"predecessor-version":[{"id":74651,"href":"https:\/\/labs.tinkle.es\/reporting\/repsol\/wp-json\/wp\/v2\/posts\/74650\/revisions\/74651"}],"wp:attachment":[{"href":"https:\/\/labs.tinkle.es\/reporting\/repsol\/wp-json\/wp\/v2\/media?parent=74650"}],"wp:term":[{"taxonomy":"category","embeddable":true,"href":"https:\/\/labs.tinkle.es\/reporting\/repsol\/wp-json\/wp\/v2\/categories?post=74650"},{"taxonomy":"post_tag","embeddable":true,"href":"https:\/\/labs.tinkle.es\/reporting\/repsol\/wp-json\/wp\/v2\/tags?post=74650"}],"curies":[{"name":"wp","href":"https:\/\/api.w.org\/{rel}","templated":true}]}}